{"id":64854,"date":"2025-12-05T12:57:27","date_gmt":"2025-12-05T11:57:27","guid":{"rendered":"https:\/\/www.symaga.com\/forbes-preis-2025-fur-alfonso-garrido\/"},"modified":"2025-12-18T10:34:05","modified_gmt":"2025-12-18T09:34:05","slug":"forbes-preis-2025-fur-alfonso-garrido","status":"publish","type":"post","link":"https:\/\/www.symaga.com\/de\/forbes-preis-2025-fur-alfonso-garrido\/","title":{"rendered":"Forbes-Preis 2025 f\u00fcr Alfonso Garrido"},"content":{"rendered":"\n<p>Gestern Abend wurde unser Generaldirektor Alfonso Garrido bei der dritten Ausgabe von \u201eForbes C\u00f3mo lo hice\u201d (Forbes Wie ich es geschafft habe) mit dem Forbes-Preis f\u00fcr die herausragendsten Unternehmer des Jahres 2025 ausgezeichnet. Dieser Preis w\u00fcrdigt die Leistungen spanischer mittelst\u00e4ndischer und gro\u00dfer Unternehmen, die sich durch ihr soziales und nachhaltiges Engagement, ihren Unternehmergeist und ihr disruptives Gesch\u00e4ftsmodell auszeichnen. Die Gala, die im Four Seasons Hotel in Madrid stattfand, brachte Pers\u00f6nlichkeiten aus der Gesch\u00e4ftswelt zusammen, um inspirierende Erfolge zu w\u00fcrdigen, insgesamt 35 Unternehmer, die sich durch ihr Engagement f\u00fcr Innovation, die F\u00f6rderung des Wirtschaftswachstums und die St\u00e4rkung der organisatorischen Widerstandsf\u00e4higkeit auszeichnen, was sich positiv auf die Gesellschaft auswirkt.<\/p>\n\n\n\n<p>Der Werdegang von Alfonso Garrido steht f\u00fcr das Streben nach Exzellenz, harte Arbeit und st\u00e4ndige Weiterentwicklung. Schon in jungen Jahren begann er, w\u00e4hrend der Sommermonate im Unternehmen zu arbeiten. Nach seinem Studium der Betriebswirtschaftslehre bildete er sich in mehreren Schl\u00fcsselbereichen des Unternehmens weiter: Logistik, Finanzen, Verwaltung und Handel. Dieser bereichs\u00fcbergreifende Werdegang erm\u00f6glichte ihm einen umfassenden \u00dcberblick \u00fcber das Unternehmen, den er einige Jahre sp\u00e4ter durch die \u00dcbernahme der Position des CEO im Jahr 2018 festigte.<\/p>\n\n\n\n<p>Seit seinem Eintritt in die Unternehmensleitung hat Alfonso eine Strategie umgesetzt, die auf internationale Expansion, industrielle Innovation und die St\u00e4rkung der Werte ausgerichtet ist, die Symaga seit seiner Gr\u00fcndung leiten. Dank dieser F\u00fchrungsst\u00e4rke hat sich das Unternehmen als weltweiter Ma\u00dfstab im Bereich der Getreidelagerung etabliert, mit einer Pr\u00e4senz in mehr als 150 L\u00e4ndern, \u00fcber 55 Millionen m\u00b3 gebauter Lagerfl\u00e4che und einem Team von 150 Fachleuten, die sich f\u00fcr die Bereitstellung zuverl\u00e4ssiger und nachhaltiger L\u00f6sungen einsetzen.<\/p>\n\n\n\n<p>Diese Auszeichnung kommt zu einem besonders bedeutenden Zeitpunkt: dem 40-j\u00e4hrigen Jubil\u00e4um von Symaga. Eine Feier, die der Pers\u00f6nlichkeit unseres Gr\u00fcnders gewidmet ist, dessen Leidenschaft und Werte weiterhin die Identit\u00e4t und Ausstrahlung des Unternehmens pr\u00e4gen. Die Anerkennung f\u00fcr Alfonso kr\u00f6nt dieses Jubil\u00e4um und w\u00fcrdigt das Erbe seines Vaters, das Symaga auch heute noch in die Zukunft treibt.<\/p>\n\n\n\n<p>Herzlichen Gl\u00fcckwunsch, Alfonso, und herzlichen Gl\u00fcckwunsch an das gesamte Symaga-Team, das weiterhin eine erfolgreiche Geschichte schreibt.<\/p>\n\n\n\n<figure class=\"wp-block-image size-large\"><img fetchpriority=\"high\" decoding=\"async\" width=\"1024\" height=\"768\" src=\"https:\/\/www.symaga.com\/wp-content\/uploads\/2025\/12\/Alfonso-Ana-Garrido-Forbes-1024x768.jpg\" alt=\"\" class=\"wp-image-64790\" srcset=\"https:\/\/www.symaga.com\/wp-content\/uploads\/2025\/12\/Alfonso-Ana-Garrido-Forbes-1024x768.jpg 1024w, https:\/\/www.symaga.com\/wp-content\/uploads\/2025\/12\/Alfonso-Ana-Garrido-Forbes-300x225.jpg 300w, https:\/\/www.symaga.com\/wp-content\/uploads\/2025\/12\/Alfonso-Ana-Garrido-Forbes-768x576.jpg 768w, https:\/\/www.symaga.com\/wp-content\/uploads\/2025\/12\/Alfonso-Ana-Garrido-Forbes-1536x1152.jpg 1536w, https:\/\/www.symaga.com\/wp-content\/uploads\/2025\/12\/Alfonso-Ana-Garrido-Forbes.jpg 2048w\" sizes=\"(max-width: 1024px) 100vw, 1024px\" \/><\/figure>\n\n\n\n<figure class=\"wp-block-embed is-type-wp-embed is-provider-forbes-espa-a wp-block-embed-forbes-espa-a\"><div class=\"wp-block-embed__wrapper\">\n<blockquote class=\"wp-embedded-content\" data-secret=\"40hQ0myT1i\"><a href=\"https:\/\/forbes.es\/como-lo-hice\/840005\/asi-ha-sido-la-iii-edicion-del-forbes-como-lo-hice-by-deutsche-bank\/\">As\u00ed ha sido la III edici\u00f3n del Forbes C\u00f3mo lo hice by Deutsche Bank<\/a><\/blockquote><iframe class=\"wp-embedded-content\" sandbox=\"allow-scripts\" security=\"restricted\" style=\"position: absolute; visibility: hidden;\" title=\"\u00abAs\u00ed ha sido la III edici\u00f3n del Forbes C\u00f3mo lo hice by Deutsche Bank\u00bb \u2014 Forbes Espa\u00f1a\" src=\"https:\/\/forbes.es\/como-lo-hice\/840005\/asi-ha-sido-la-iii-edicion-del-forbes-como-lo-hice-by-deutsche-bank\/embed\/#?secret=DC8mbtpYD3#?secret=40hQ0myT1i\" data-secret=\"40hQ0myT1i\" width=\"600\" height=\"338\" frameborder=\"0\" marginwidth=\"0\" marginheight=\"0\" scrolling=\"no\"><\/iframe>\n<\/div><\/figure>\n","protected":false},"excerpt":{"rendered":"<p>Gestern Abend wurde unser Generaldirektor Alfonso Garrido bei der dritten Ausgabe von \u201eForbes C\u00f3mo lo hice\u201d (Forbes Wie ich es geschafft habe) mit dem Forbes-Preis f\u00fcr die herausragendsten Unternehmer des Jahres 2025 ausgezeichnet. Dieser Preis w\u00fcrdigt die Leistungen spanischer mittelst\u00e4ndischer und gro\u00dfer Unternehmen, die sich durch ihr soziales und nachhaltiges Engagement, ihren Unternehmergeist und ihr [&hellip;]<\/p>\n","protected":false},"author":9,"featured_media":64786,"comment_status":"open","ping_status":"closed","sticky":false,"template":"","format":"standard","meta":{"footnotes":""},"categories":[77],"tags":[335,341,292],"class_list":["post-64854","post","type-post","status-publish","format-standard","has-post-thumbnail","hentry","category-noticias-symaga-de","tag-40-aniverario","tag-experiencia","tag-symaga-de"],"_links":{"self":[{"href":"https:\/\/www.symaga.com\/de\/wp-json\/wp\/v2\/posts\/64854","targetHints":{"allow":["GET"]}}],"collection":[{"href":"https:\/\/www.symaga.com\/de\/wp-json\/wp\/v2\/posts"}],"about":[{"href":"https:\/\/www.symaga.com\/de\/wp-json\/wp\/v2\/types\/post"}],"author":[{"embeddable":true,"href":"https:\/\/www.symaga.com\/de\/wp-json\/wp\/v2\/users\/9"}],"replies":[{"embeddable":true,"href":"https:\/\/www.symaga.com\/de\/wp-json\/wp\/v2\/comments?post=64854"}],"version-history":[{"count":1,"href":"https:\/\/www.symaga.com\/de\/wp-json\/wp\/v2\/posts\/64854\/revisions"}],"predecessor-version":[{"id":64855,"href":"https:\/\/www.symaga.com\/de\/wp-json\/wp\/v2\/posts\/64854\/revisions\/64855"}],"wp:featuredmedia":[{"embeddable":true,"href":"https:\/\/www.symaga.com\/de\/wp-json\/wp\/v2\/media\/64786"}],"wp:attachment":[{"href":"https:\/\/www.symaga.com\/de\/wp-json\/wp\/v2\/media?parent=64854"}],"wp:term":[{"taxonomy":"category","embeddable":true,"href":"https:\/\/www.symaga.com\/de\/wp-json\/wp\/v2\/categories?post=64854"},{"taxonomy":"post_tag","embeddable":true,"href":"https:\/\/www.symaga.com\/de\/wp-json\/wp\/v2\/tags?post=64854"}],"curies":[{"name":"wp","href":"https:\/\/api.w.org\/{rel}","templated":true}]}}