{"id":64847,"date":"2025-12-05T12:57:27","date_gmt":"2025-12-05T11:57:27","guid":{"rendered":"https:\/\/www.symaga.com\/premio-forbes-2025-para-alfonso-garrido\/"},"modified":"2025-12-18T10:25:13","modified_gmt":"2025-12-18T09:25:13","slug":"prix-forbes-2025-pour-alfonso-garrido","status":"publish","type":"post","link":"https:\/\/www.symaga.com\/fr\/prix-forbes-2025-pour-alfonso-garrido\/","title":{"rendered":"Prix Forbes 2025 pour Alfonso Garrido"},"content":{"rendered":"\n<p>Hier soir, notre directeur g\u00e9n\u00e9ral, Alfonso Garrido, a re\u00e7u le prix Forbes r\u00e9compensant les entrepreneurs les plus remarquables de 2025 lors de la IIIe \u00e9dition de \u00ab Forbes C\u00f3mo lo hice \u00bb (Forbes Comment j&rsquo;ai r\u00e9ussi), qui salue le parcours des moyennes et grandes entreprises espagnoles qui se distinguent par leur engagement social et durable, leur esprit d&rsquo;entreprise et leur mod\u00e8le commercial disruptif. Le gala, qui s&rsquo;est tenu \u00e0 l&rsquo;h\u00f4tel Four Seasons de Madrid, a r\u00e9uni des personnalit\u00e9s du monde des affaires afin de r\u00e9compenser des r\u00e9ussites inspirantes, soit un total de 35 entrepreneurs qui se distinguent par leur engagement en faveur de l&rsquo;innovation, la promotion de la croissance \u00e9conomique et le renforcement de la r\u00e9silience organisationnelle qui a un impact positif sur la soci\u00e9t\u00e9.<\/p>\n\n\n\n<p>Le parcours d&rsquo;Alfonso Garrido illustre l&rsquo;engagement en faveur de l&rsquo;excellence, l&rsquo;effort et l&rsquo;\u00e9volution constante. D\u00e8s son plus jeune \u00e2ge, il a commenc\u00e9 \u00e0 travailler dans l&rsquo;entreprise pendant les \u00e9t\u00e9s. Apr\u00e8s avoir termin\u00e9 ses \u00e9tudes en administration et gestion d&rsquo;entreprise, il s&rsquo;est form\u00e9 dans plusieurs domaines cl\u00e9s de l&rsquo;entreprise : logistique, finances, administration et commerce. Ce parcours transversal lui a permis d&rsquo;acqu\u00e9rir une vision globale de l&rsquo;entreprise, qu&rsquo;il consolidera quelques ann\u00e9es plus tard en prenant le poste de PDG en 2018.<\/p>\n\n\n\n<p>Depuis son arriv\u00e9e \u00e0 la t\u00eate de l&rsquo;entreprise, Alfonso a mis en place une strat\u00e9gie ax\u00e9e sur l&rsquo;expansion internationale, l&rsquo;innovation industrielle et le renforcement des valeurs qui guident Symaga depuis sa cr\u00e9ation. Gr\u00e2ce \u00e0 ce leadership, l&rsquo;entreprise s&rsquo;est impos\u00e9e comme une r\u00e9f\u00e9rence mondiale dans le domaine du stockage des c\u00e9r\u00e9ales, avec une pr\u00e9sence dans plus de 150 pays, plus de 55 millions de m\u00b3 de stockage construits et une \u00e9quipe de 150 professionnels engag\u00e9s \u00e0 fournir des solutions fiables et durables.<\/p>\n\n\n\n<p>Ce prix arrive \u00e0 un moment particuli\u00e8rement significatif : le 40e anniversaire de Symaga. Une c\u00e9l\u00e9bration d\u00e9di\u00e9e \u00e0 la figure de notre fondateur, dont la passion et les valeurs continuent de guider l&rsquo;identit\u00e9 et le rayonnement de l&rsquo;entreprise. La reconnaissance accord\u00e9e \u00e0 Alfonso vient ainsi couronner cet anniversaire, honorant l&rsquo;h\u00e9ritage laiss\u00e9 par son p\u00e8re et qui continue aujourd&rsquo;hui \u00e0 propulser Symaga vers l&rsquo;avenir.<\/p>\n\n\n\n<p>F\u00e9licitations, Alfonso, et f\u00e9licitations \u00e0 toute l&rsquo;\u00e9quipe Symaga pour continuer \u00e0 \u00e9crire une histoire couronn\u00e9e de succ\u00e8s.<\/p>\n\n\n\n<figure class=\"wp-block-image size-large\"><img fetchpriority=\"high\" decoding=\"async\" width=\"1024\" height=\"768\" src=\"https:\/\/www.symaga.com\/wp-content\/uploads\/2025\/12\/Alfonso-Ana-Garrido-Forbes-1024x768.jpg\" alt=\"\" class=\"wp-image-64790\" srcset=\"https:\/\/www.symaga.com\/wp-content\/uploads\/2025\/12\/Alfonso-Ana-Garrido-Forbes-1024x768.jpg 1024w, https:\/\/www.symaga.com\/wp-content\/uploads\/2025\/12\/Alfonso-Ana-Garrido-Forbes-300x225.jpg 300w, https:\/\/www.symaga.com\/wp-content\/uploads\/2025\/12\/Alfonso-Ana-Garrido-Forbes-768x576.jpg 768w, https:\/\/www.symaga.com\/wp-content\/uploads\/2025\/12\/Alfonso-Ana-Garrido-Forbes-1536x1152.jpg 1536w, https:\/\/www.symaga.com\/wp-content\/uploads\/2025\/12\/Alfonso-Ana-Garrido-Forbes.jpg 2048w\" sizes=\"(max-width: 1024px) 100vw, 1024px\" \/><\/figure>\n\n\n\n<figure class=\"wp-block-embed is-type-wp-embed is-provider-forbes-espa-a wp-block-embed-forbes-espa-a\"><div class=\"wp-block-embed__wrapper\">\n<blockquote class=\"wp-embedded-content\" data-secret=\"TEMccQvuIr\"><a href=\"https:\/\/forbes.es\/como-lo-hice\/840005\/asi-ha-sido-la-iii-edicion-del-forbes-como-lo-hice-by-deutsche-bank\/\">As\u00ed ha sido la III edici\u00f3n del Forbes C\u00f3mo lo hice by Deutsche Bank<\/a><\/blockquote><iframe class=\"wp-embedded-content\" sandbox=\"allow-scripts\" security=\"restricted\" style=\"position: absolute; visibility: hidden;\" title=\"\u00abAs\u00ed ha sido la III edici\u00f3n del Forbes C\u00f3mo lo hice by Deutsche Bank\u00bb \u2014 Forbes Espa\u00f1a\" src=\"https:\/\/forbes.es\/como-lo-hice\/840005\/asi-ha-sido-la-iii-edicion-del-forbes-como-lo-hice-by-deutsche-bank\/embed\/#?secret=KN1jxtzNcZ#?secret=TEMccQvuIr\" data-secret=\"TEMccQvuIr\" width=\"600\" height=\"338\" frameborder=\"0\" marginwidth=\"0\" marginheight=\"0\" scrolling=\"no\"><\/iframe>\n<\/div><\/figure>\n","protected":false},"excerpt":{"rendered":"<p>Hier soir, notre directeur g\u00e9n\u00e9ral, Alfonso Garrido, a re\u00e7u le prix Forbes r\u00e9compensant les entrepreneurs les plus remarquables de 2025 lors de la IIIe \u00e9dition de \u00ab Forbes C\u00f3mo lo hice \u00bb (Forbes Comment j&rsquo;ai r\u00e9ussi), qui salue le parcours des moyennes et grandes entreprises espagnoles qui se distinguent par leur engagement social et durable, [&hellip;]<\/p>\n","protected":false},"author":9,"featured_media":64785,"comment_status":"open","ping_status":"closed","sticky":false,"template":"","format":"standard","meta":{"footnotes":""},"categories":[251],"tags":[304,339,289],"class_list":["post-64847","post","type-post","status-publish","format-standard","has-post-thumbnail","hentry","category-noticias-symaga-fr-2","tag-40-aniverario-fr","tag-experiencia","tag-symaga-fr"],"_links":{"self":[{"href":"https:\/\/www.symaga.com\/fr\/wp-json\/wp\/v2\/posts\/64847","targetHints":{"allow":["GET"]}}],"collection":[{"href":"https:\/\/www.symaga.com\/fr\/wp-json\/wp\/v2\/posts"}],"about":[{"href":"https:\/\/www.symaga.com\/fr\/wp-json\/wp\/v2\/types\/post"}],"author":[{"embeddable":true,"href":"https:\/\/www.symaga.com\/fr\/wp-json\/wp\/v2\/users\/9"}],"replies":[{"embeddable":true,"href":"https:\/\/www.symaga.com\/fr\/wp-json\/wp\/v2\/comments?post=64847"}],"version-history":[{"count":1,"href":"https:\/\/www.symaga.com\/fr\/wp-json\/wp\/v2\/posts\/64847\/revisions"}],"predecessor-version":[{"id":64848,"href":"https:\/\/www.symaga.com\/fr\/wp-json\/wp\/v2\/posts\/64847\/revisions\/64848"}],"wp:featuredmedia":[{"embeddable":true,"href":"https:\/\/www.symaga.com\/fr\/wp-json\/wp\/v2\/media\/64785"}],"wp:attachment":[{"href":"https:\/\/www.symaga.com\/fr\/wp-json\/wp\/v2\/media?parent=64847"}],"wp:term":[{"taxonomy":"category","embeddable":true,"href":"https:\/\/www.symaga.com\/fr\/wp-json\/wp\/v2\/categories?post=64847"},{"taxonomy":"post_tag","embeddable":true,"href":"https:\/\/www.symaga.com\/fr\/wp-json\/wp\/v2\/tags?post=64847"}],"curies":[{"name":"wp","href":"https:\/\/api.w.org\/{rel}","templated":true}]}}