{"id":64861,"date":"2025-12-05T12:57:27","date_gmt":"2025-12-05T11:57:27","guid":{"rendered":"https:\/\/www.symaga.com\/%d0%bf%d1%80%d0%b5%d0%bc%d0%b8%d1%8f-forbes-2025-%d0%b4%d0%bb%d1%8f-%d0%b0%d0%bb%d1%8c%d1%84%d0%be%d0%bd%d1%81%d0%be-%d0%b3%d0%b0%d1%80%d1%80%d0%b8%d0%b4%d0%be\/"},"modified":"2025-12-18T10:37:31","modified_gmt":"2025-12-18T09:37:31","slug":"forbes-2025-odulu-alfonso-garridoya","status":"publish","type":"post","link":"https:\/\/www.symaga.com\/tr\/forbes-2025-odulu-alfonso-garridoya\/","title":{"rendered":"Forbes 2025 \u00d6d\u00fcl\u00fc Alfonso Garrido&#8217;ya"},"content":{"rendered":"\n<p>D\u00fcn gece, genel m\u00fcd\u00fcr\u00fcm\u00fcz Alfonso Garrido, sosyal ve s\u00fcrd\u00fcr\u00fclebilir taahh\u00fctleri, giri\u015fimci ruhlar\u0131 ve yenilik\u00e7i i\u015f modelleriyle \u00f6ne \u00e7\u0131kan \u0130spanyol orta ve b\u00fcy\u00fck \u00f6l\u00e7ekli \u015firketlerin ba\u015far\u0131lar\u0131n\u0131 kutlayan \u201cForbes C\u00f3mo lo hice\u201d (Forbes Nas\u0131l Ba\u015fard\u0131m) adl\u0131 etkinli\u011fin \u00fc\u00e7\u00fcnc\u00fc bask\u0131s\u0131nda, 2025 y\u0131l\u0131n\u0131n en dikkat \u00e7ekici giri\u015fimcilerini \u00f6d\u00fcllendiren Forbes \u00f6d\u00fcl\u00fcn\u00fc ald\u0131. Madrid&#8217;deki Four Seasons otelde d\u00fczenlenen galada, i\u015f d\u00fcnyas\u0131ndan \u00f6nemli isimler bir araya gelerek, inovasyona olan ba\u011fl\u0131l\u0131klar\u0131, ekonomik b\u00fcy\u00fcmeyi te\u015fvik etmeleri ve topluma olumlu etki eden organizasyonel dayan\u0131kl\u0131l\u0131\u011f\u0131 g\u00fc\u00e7lendirmeleriyle \u00f6ne \u00e7\u0131kan toplam 35 giri\u015fimciyi \u00f6d\u00fcllendirdi.<\/p>\n\n\n\n<p>Alfonso Garrido&#8217;nun kariyeri, m\u00fckemmelli\u011fe olan ba\u011fl\u0131l\u0131\u011f\u0131n\u0131, \u00e7abas\u0131n\u0131 ve s\u00fcrekli geli\u015fimini g\u00f6stermektedir. \u00c7ok gen\u00e7 ya\u015flardan itibaren yaz aylar\u0131nda \u015firkette \u00e7al\u0131\u015fmaya ba\u015flad\u0131. \u0130\u015fletme ve y\u00f6netim e\u011fitimini tamamlad\u0131ktan sonra, \u015firketin \u00e7e\u015fitli kilit alanlar\u0131nda (lojistik, finans, y\u00f6netim ve ticaret) deneyim kazand\u0131. Bu \u00e7apraz kariyer, ona \u015firketin genel bir g\u00f6r\u00fcn\u00fcm\u00fcn\u00fc edinmesini sa\u011flad\u0131 ve birka\u00e7 y\u0131l sonra, 2018&#8217;de CEO pozisyonuna gelmesiyle bu g\u00f6r\u00fcn\u00fcm daha da peki\u015fti.<\/p>\n\n\n\n<p>\u015eirketin liderli\u011fini \u00fcstlendi\u011finden beri Alfonso, uluslararas\u0131 geni\u015fleme, end\u00fcstriyel inovasyon ve Symaga&#8217;n\u0131n kurulu\u015fundan bu yana y\u00f6nlendiren de\u011ferlerin g\u00fc\u00e7lendirilmesine odaklanan bir strateji uygulad\u0131. Bu liderlik sayesinde \u015firket, 150&#8217;den fazla \u00fclkede faaliyet g\u00f6steren, 55 milyon m\u00b3&#8217;den fazla depolama alan\u0131 in\u015fa eden ve g\u00fcvenilir ve s\u00fcrd\u00fcr\u00fclebilir \u00e7\u00f6z\u00fcmler sunmaya kendini adam\u0131\u015f 150 ki\u015filik bir ekiple tah\u0131l depolama sekt\u00f6r\u00fcnde d\u00fcnya \u00e7ap\u0131nda bir referans haline gelmi\u015ftir.<\/p>\n\n\n\n<p>Bu \u00f6d\u00fcl, Symaga&#8217;n\u0131n 40. y\u0131ld\u00f6n\u00fcm\u00fc gibi \u00f6zellikle anlaml\u0131 bir zamanda geldi. Bu kutlama, tutkusu ve de\u011ferleri \u015firketin kimli\u011fini ve prestijini y\u00f6nlendirmeye devam eden kurucumuzun an\u0131s\u0131na adanm\u0131\u015ft\u0131r. Alfonso&#8217;ya verilen bu \u00f6d\u00fcl, babas\u0131n\u0131n b\u0131rakt\u0131\u011f\u0131 miras\u0131 onurland\u0131rarak ve Symaga&#8217;y\u0131 gelece\u011fe do\u011fru itmeye devam ederek bu y\u0131ld\u00f6n\u00fcm\u00fcn\u00fc ta\u00e7land\u0131rmaktad\u0131r.<\/p>\n\n\n\n<p>Tebrikler Alfonso ve ba\u015far\u0131larla dolu bir tarih yazmaya devam eden t\u00fcm Symaga ekibine tebrikler.<\/p>\n\n\n\n<figure class=\"wp-block-image size-large\"><img fetchpriority=\"high\" decoding=\"async\" width=\"1024\" height=\"768\" src=\"https:\/\/www.symaga.com\/wp-content\/uploads\/2025\/12\/Alfonso-Ana-Garrido-Forbes-1024x768.jpg\" alt=\"\" class=\"wp-image-64790\" srcset=\"https:\/\/www.symaga.com\/wp-content\/uploads\/2025\/12\/Alfonso-Ana-Garrido-Forbes-1024x768.jpg 1024w, https:\/\/www.symaga.com\/wp-content\/uploads\/2025\/12\/Alfonso-Ana-Garrido-Forbes-300x225.jpg 300w, https:\/\/www.symaga.com\/wp-content\/uploads\/2025\/12\/Alfonso-Ana-Garrido-Forbes-768x576.jpg 768w, https:\/\/www.symaga.com\/wp-content\/uploads\/2025\/12\/Alfonso-Ana-Garrido-Forbes-1536x1152.jpg 1536w, https:\/\/www.symaga.com\/wp-content\/uploads\/2025\/12\/Alfonso-Ana-Garrido-Forbes.jpg 2048w\" sizes=\"(max-width: 1024px) 100vw, 1024px\" \/><\/figure>\n\n\n\n<figure class=\"wp-block-embed is-type-wp-embed is-provider-forbes-espa-a wp-block-embed-forbes-espa-a\"><div class=\"wp-block-embed__wrapper\">\n<blockquote class=\"wp-embedded-content\" data-secret=\"40hQ0myT1i\"><a href=\"https:\/\/forbes.es\/como-lo-hice\/840005\/asi-ha-sido-la-iii-edicion-del-forbes-como-lo-hice-by-deutsche-bank\/\">As\u00ed ha sido la III edici\u00f3n del Forbes C\u00f3mo lo hice by Deutsche Bank<\/a><\/blockquote><iframe class=\"wp-embedded-content\" sandbox=\"allow-scripts\" security=\"restricted\" style=\"position: absolute; visibility: hidden;\" title=\"\u00abAs\u00ed ha sido la III edici\u00f3n del Forbes C\u00f3mo lo hice by Deutsche Bank\u00bb \u2014 Forbes Espa\u00f1a\" src=\"https:\/\/forbes.es\/como-lo-hice\/840005\/asi-ha-sido-la-iii-edicion-del-forbes-como-lo-hice-by-deutsche-bank\/embed\/#?secret=DC8mbtpYD3#?secret=40hQ0myT1i\" data-secret=\"40hQ0myT1i\" width=\"600\" height=\"338\" frameborder=\"0\" marginwidth=\"0\" marginheight=\"0\" scrolling=\"no\"><\/iframe>\n<\/div><\/figure>\n","protected":false},"excerpt":{"rendered":"<p>D\u00fcn gece, genel m\u00fcd\u00fcr\u00fcm\u00fcz Alfonso Garrido, sosyal ve s\u00fcrd\u00fcr\u00fclebilir taahh\u00fctleri, giri\u015fimci ruhlar\u0131 ve yenilik\u00e7i i\u015f modelleriyle \u00f6ne \u00e7\u0131kan \u0130spanyol orta ve b\u00fcy\u00fck \u00f6l\u00e7ekli \u015firketlerin ba\u015far\u0131lar\u0131n\u0131 kutlayan \u201cForbes C\u00f3mo lo hice\u201d (Forbes Nas\u0131l Ba\u015fard\u0131m) adl\u0131 etkinli\u011fin \u00fc\u00e7\u00fcnc\u00fc bask\u0131s\u0131nda, 2025 y\u0131l\u0131n\u0131n en dikkat \u00e7ekici giri\u015fimcilerini \u00f6d\u00fcllendiren Forbes \u00f6d\u00fcl\u00fcn\u00fc ald\u0131. Madrid&#8217;deki Four Seasons otelde d\u00fczenlenen galada, i\u015f d\u00fcnyas\u0131ndan [&hellip;]<\/p>\n","protected":false},"author":9,"featured_media":64789,"comment_status":"open","ping_status":"closed","sticky":false,"template":"","format":"standard","meta":{"footnotes":""},"categories":[79],"tags":[343,344,301],"class_list":["post-64861","post","type-post","status-publish","format-standard","has-post-thumbnail","hentry","category-noticias-symaga-tr","tag-40-aniverario","tag-experiencia","tag-symaga-tr"],"_links":{"self":[{"href":"https:\/\/www.symaga.com\/tr\/wp-json\/wp\/v2\/posts\/64861","targetHints":{"allow":["GET"]}}],"collection":[{"href":"https:\/\/www.symaga.com\/tr\/wp-json\/wp\/v2\/posts"}],"about":[{"href":"https:\/\/www.symaga.com\/tr\/wp-json\/wp\/v2\/types\/post"}],"author":[{"embeddable":true,"href":"https:\/\/www.symaga.com\/tr\/wp-json\/wp\/v2\/users\/9"}],"replies":[{"embeddable":true,"href":"https:\/\/www.symaga.com\/tr\/wp-json\/wp\/v2\/comments?post=64861"}],"version-history":[{"count":1,"href":"https:\/\/www.symaga.com\/tr\/wp-json\/wp\/v2\/posts\/64861\/revisions"}],"predecessor-version":[{"id":64862,"href":"https:\/\/www.symaga.com\/tr\/wp-json\/wp\/v2\/posts\/64861\/revisions\/64862"}],"wp:featuredmedia":[{"embeddable":true,"href":"https:\/\/www.symaga.com\/tr\/wp-json\/wp\/v2\/media\/64789"}],"wp:attachment":[{"href":"https:\/\/www.symaga.com\/tr\/wp-json\/wp\/v2\/media?parent=64861"}],"wp:term":[{"taxonomy":"category","embeddable":true,"href":"https:\/\/www.symaga.com\/tr\/wp-json\/wp\/v2\/categories?post=64861"},{"taxonomy":"post_tag","embeddable":true,"href":"https:\/\/www.symaga.com\/tr\/wp-json\/wp\/v2\/tags?post=64861"}],"curies":[{"name":"wp","href":"https:\/\/api.w.org\/{rel}","templated":true}]}}